{"id":134,"date":"2019-12-14T15:33:15","date_gmt":"2019-12-14T15:33:15","guid":{"rendered":"https:\/\/foodcoopbcn.cat\/hola\/"},"modified":"2019-12-14T15:33:15","modified_gmt":"2019-12-14T15:33:15","slug":"hola","status":"publish","type":"post","link":"https:\/\/foodcoopbcn.cat\/es\/hola\/","title":{"rendered":"HOLA!"},"content":{"rendered":"<p>El 15 de marzo celebramos el D\u00eda Mundial de las Personas Consumidoras y es la fecha en la que se\u00f1alamos el nacimiento del proyecto Food Coop BCN, iniciativa que quiere impulsar un supermercado cooperativo y participativo en la ciudad.<\/p>\n<p>El 14 i 15 de marzo del 2018 las jornadas &#8220;Escalabilidad de las cooperativas alimentarias&#8221;, organitzadas por el <a href=\"https:\/\/pemb.cat\/ca\">PEMB<\/a>, l<a href=\"https:\/\/ajuntament.barcelona.cat\/ca\/\">&#8216;Ayuntamiento de Barcelona<\/a>, <a href=\"https:\/\/bcn.coop\/\">El Ateneo Cooperativo de Barcelona<\/a> (Co\u00f2polis) y la revista <a href=\"https:\/\/www.soberaniaalimentaria.info\/\">Soberan\u00eda Alimentaria<\/a>, donde se proyecta el documental &#8220;<a href=\"http:\/\/foodcoop.film\/es\/el-documental\/\">Food Coop<\/a>&#8220;, dirigido por Thomas Boothe y Maellanne Bonnicel, generan las expectativas y el cultivo necesario para que 500 personas se den cita en las Cotxeras de Sants. <\/p>\n<blockquote>\n<h4>L\u2019La Associaci\u00f3 per l\u2019Impuls dels Supermercats Cooperatius i el Mercat Social cuenta con 20 socias y m\u00e1s de 700 simpatizantes en la actualidad<\/h4>\n<\/blockquote>\n<p><strong>El \u00e9xito de la convocatoria en las Cotxeres de Sants provoca la constituci\u00f3n de diferentes comisiones de trabajo que abordan la posibilidad de impulsar un supermercado cooperatiu i participativo bajo los criterios del consumo responsable. La rueda comienza a girar. <\/strong> 2 meses despu\u00e9s, el colectivo decide constituirse en asociaci\u00f3n. Nace as\u00ed, l\u2019Associaci\u00f3 per l\u2019Impuls dels Supermercats Cooperatius i el Mercat Social a Barcelona (Food Coop BCN). Los siguientes meses con diferentes encuentros y conversaciones entorno al modelo de gobernanza del grupo ser\u00e1n vitales para la consolidaci\u00f3n del proyecto. <\/p>\n<p>En enero de este a\u00f1o, gracias al apoyo del Ayuntamiento de Barcelona y la Generalitat de Catalunya, la Asociaci\u00f3n contratar\u00e1 a 2 profesionales para la dinamizaci\u00f3n y desarrollo del proyecto. <\/p>\n<p><img loading=\"lazy\" decoding=\"async\" class=\"alignnone size-full wp-image-2035\" src=\"https:\/\/foodcoopbcn.cat\/wp-content\/uploads\/POST-1-1-.jpg\" alt=\"\" width=\"1728\" height=\"1296\" \/><\/p>\n<p style=\"text-align: center;\">\u00bfEs posible un supermercado cooperativo en Barcelona? Encuentro realizado el pasado 15 de marzo del 2018 en las Cotxeres de Sants. <\/p>\n<p><img loading=\"lazy\" decoding=\"async\" class=\"alignnone size-full wp-image-2033 aligncenter\" src=\"https:\/\/foodcoopbcn.cat\/wp-content\/uploads\/POST-1-2.jpg\" alt=\"\" width=\"960\" height=\"720\" \/><\/p>\n<p style=\"text-align: center;\">Asistentes a las Cotxeres de Sants debatiendo el pasado 15 de marzo del 2018 sobre el proyecto del supermercado cooperativo en Barcelona. <\/p>\n<p><strong>Esta primera parte del camino finalizar\u00e1 en el desarrollo del plan de negocio y comunicaci\u00f3n del proyecto y ser\u00e1 posible gracias, especialmente, a la dedicaci\u00f3n e ilusi\u00f3n  colectiva de las socias de Food Coop BCN, coraz\u00f3n del proyecto. <\/strong><\/p>\n<p>En octubre se constituir\u00e1 la cooperativa integral &#8220;Supermercat Cooperatiu i Participaci\u00f3 de BCN SCCL&#8221;. Entidad que gestionar\u00e1 el primer supermercado cooperativo y participativo de la ciudad de Barcelona. <\/p>\n","protected":false},"excerpt":{"rendered":"<p>El 15 de marzo celebramos el D\u00eda Mundial de las Personas Consumidoras y es la fecha en la que se\u00f1alamos el nacimiento del proyecto Food Coop BCN, iniciativa que quiere impulsar un supermercado cooperativo y participativo en la ciudad. El 14 i 15 de marzo del 2018 las jornadas &#8220;Escalabilidad de las cooperativas alimentarias&#8221;, organitzadas [&hellip;]<\/p>\n","protected":false},"author":2,"featured_media":73,"comment_status":"closed","ping_status":"closed","sticky":false,"template":"","format":"standard","meta":{"_et_pb_use_builder":"","_et_pb_old_content":"","_et_gb_content_width":"","footnotes":""},"categories":[45,46],"tags":[],"class_list":["post-134","post","type-post","status-publish","format-standard","has-post-thumbnail","hentry","category-food-coop-bcn-es","category-supermercado-cooperativo-y-participativo"],"_links":{"self":[{"href":"https:\/\/foodcoopbcn.cat\/es\/wp-json\/wp\/v2\/posts\/134","targetHints":{"allow":["GET"]}}],"collection":[{"href":"https:\/\/foodcoopbcn.cat\/es\/wp-json\/wp\/v2\/posts"}],"about":[{"href":"https:\/\/foodcoopbcn.cat\/es\/wp-json\/wp\/v2\/types\/post"}],"author":[{"embeddable":true,"href":"https:\/\/foodcoopbcn.cat\/es\/wp-json\/wp\/v2\/users\/2"}],"replies":[{"embeddable":true,"href":"https:\/\/foodcoopbcn.cat\/es\/wp-json\/wp\/v2\/comments?post=134"}],"version-history":[{"count":0,"href":"https:\/\/foodcoopbcn.cat\/es\/wp-json\/wp\/v2\/posts\/134\/revisions"}],"wp:featuredmedia":[{"embeddable":true,"href":"https:\/\/foodcoopbcn.cat\/es\/wp-json\/wp\/v2\/media\/73"}],"wp:attachment":[{"href":"https:\/\/foodcoopbcn.cat\/es\/wp-json\/wp\/v2\/media?parent=134"}],"wp:term":[{"taxonomy":"category","embeddable":true,"href":"https:\/\/foodcoopbcn.cat\/es\/wp-json\/wp\/v2\/categories?post=134"},{"taxonomy":"post_tag","embeddable":true,"href":"https:\/\/foodcoopbcn.cat\/es\/wp-json\/wp\/v2\/tags?post=134"}],"curies":[{"name":"wp","href":"https:\/\/api.w.org\/{rel}","templated":true}]}}