{"id":138,"date":"2019-12-14T15:37:11","date_gmt":"2019-12-14T15:37:11","guid":{"rendered":"https:\/\/foodcoopbcn.cat\/continuamos-con-los-cafes-food-coop-bcn\/"},"modified":"2019-12-14T15:37:11","modified_gmt":"2019-12-14T15:37:11","slug":"continuamos-con-los-cafes-food-coop-bcn","status":"publish","type":"post","link":"https:\/\/foodcoopbcn.cat\/es\/continuamos-con-los-cafes-food-coop-bcn\/","title":{"rendered":"CONTINUAMOS CON LOS CAF\u00c8S FOOD COOP BCN"},"content":{"rendered":"<p>Celebramos una nueva edici\u00f3n de \u201cUn caf\u00e9 con Food Coop BCN\u201d. Desde que empezamos estos encuentros el pasado 19 de abril \u00a1ya llevamos 9! <\/p>\n<p>Esta nueva edici\u00f3n se enmarca en el contexto de la celebraci\u00f3n del 3er aniversario del <a href=\"https:\/\/ca.wikipedia.org\/wiki\/Can_Ricart\">Traster<\/a> de <a href=\"https:\/\/eixpereiv.org\/2019\/10\/04\/3-aniversari-del-traster-de-can-ricart-el-13-octubre\/\">Can Ricard,<\/a> una cita a la cual asistimos por segunda vez. <\/p>\n<p><img loading=\"lazy\" decoding=\"async\" class=\"alignnone size-full wp-image-2029\" src=\"https:\/\/foodcoopbcn.cat\/wp-content\/uploads\/POST-6-1-.jpg\" alt=\"\" width=\"1702\" height=\"1702\" \/><\/p>\n<p style=\"text-align: center;\">Cartel de \u2018Un caf\u00e9 con Food Coop BCN\u201d para la nueva edici\u00f3n del Traster de Can Ricart<\/p>\n<p><img loading=\"lazy\" decoding=\"async\" class=\"size-full wp-image-2031 aligncenter\" src=\"https:\/\/foodcoopbcn.cat\/wp-content\/uploads\/POST-6-2-.jpg\" alt=\"\" width=\"597\" height=\"1168\" \/><\/p>\n<p style=\"text-align: center;\">Programa para la celebraci\u00f3n del 3er aniversario del Traster de Can Ricart. <\/p>\n<p>&#8220;Un caf\u00e9 con Food Coop BCN&#8221; \u00e9s un evento que celebramos m\u00ednimo una vez al mes con el objectivo de presentar el proyecto del supermercado cooperativo y participativo en Barcelona a personas interesadas. La idea es poder compartir nuestro modelo organizativo y dar respuesta a preguntas sobre c\u00f3mo participar en el proyecto, en un formato distendido. <\/p>\n<p>Con una duraci\u00f3n de 30 minuts, estos encuentros se convocan en diferentes barrios y espacios de la ciudad. Hasta la actualidad m\u00e1s de 40 personas han asistido. <\/p>\n","protected":false},"excerpt":{"rendered":"<p>Celebramos una nueva edici\u00f3n de \u201cUn caf\u00e9 con Food Coop BCN\u201d. Desde que empezamos estos encuentros el pasado 19 de abril \u00a1ya llevamos 9! Esta nueva edici\u00f3n se enmarca en el contexto de la celebraci\u00f3n del 3er aniversario del Traster de Can Ricard, una cita a la cual asistimos por segunda vez. Cartel de \u2018Un [&hellip;]<\/p>\n","protected":false},"author":2,"featured_media":126,"comment_status":"closed","ping_status":"closed","sticky":false,"template":"","format":"standard","meta":{"_et_pb_use_builder":"","_et_pb_old_content":"","_et_gb_content_width":"","footnotes":""},"categories":[40,45],"tags":[],"class_list":["post-138","post","type-post","status-publish","format-standard","has-post-thumbnail","hentry","category-agenda-es","category-food-coop-bcn-es"],"_links":{"self":[{"href":"https:\/\/foodcoopbcn.cat\/es\/wp-json\/wp\/v2\/posts\/138","targetHints":{"allow":["GET"]}}],"collection":[{"href":"https:\/\/foodcoopbcn.cat\/es\/wp-json\/wp\/v2\/posts"}],"about":[{"href":"https:\/\/foodcoopbcn.cat\/es\/wp-json\/wp\/v2\/types\/post"}],"author":[{"embeddable":true,"href":"https:\/\/foodcoopbcn.cat\/es\/wp-json\/wp\/v2\/users\/2"}],"replies":[{"embeddable":true,"href":"https:\/\/foodcoopbcn.cat\/es\/wp-json\/wp\/v2\/comments?post=138"}],"version-history":[{"count":0,"href":"https:\/\/foodcoopbcn.cat\/es\/wp-json\/wp\/v2\/posts\/138\/revisions"}],"wp:featuredmedia":[{"embeddable":true,"href":"https:\/\/foodcoopbcn.cat\/es\/wp-json\/wp\/v2\/media\/126"}],"wp:attachment":[{"href":"https:\/\/foodcoopbcn.cat\/es\/wp-json\/wp\/v2\/media?parent=138"}],"wp:term":[{"taxonomy":"category","embeddable":true,"href":"https:\/\/foodcoopbcn.cat\/es\/wp-json\/wp\/v2\/categories?post=138"},{"taxonomy":"post_tag","embeddable":true,"href":"https:\/\/foodcoopbcn.cat\/es\/wp-json\/wp\/v2\/tags?post=138"}],"curies":[{"name":"wp","href":"https:\/\/api.w.org\/{rel}","templated":true}]}}