{"id":139,"date":"2019-12-14T15:37:59","date_gmt":"2019-12-14T15:37:59","guid":{"rendered":"https:\/\/foodcoopbcn.cat\/ya-esta-aqui-fesc-2019\/"},"modified":"2019-12-14T15:37:59","modified_gmt":"2019-12-14T15:37:59","slug":"ya-esta-aqui-fesc-2019","status":"publish","type":"post","link":"https:\/\/foodcoopbcn.cat\/es\/ya-esta-aqui-fesc-2019\/","title":{"rendered":"YA EST\u00c1 AQU\u00cd: \u00a1FESC 2019!"},"content":{"rendered":"<p>El pr\u00f3ximo 25, 26 i 27 de Octubre seremos a la <a href=\"http:\/\/fesc.xes.cat\/\">VIII Fira d&#8217;Economia Solid\u00e0ria<\/a> (FESC) que se celebrar\u00e1 en la <a href=\"http:\/\/ajuntament.barcelona.cat\/fabraicoats\/es\">Fabra i Coats<\/a>. En esta ocasi\u00f3n estaremos por partida doble, en un estand individual y en otro compartido junto a otras iniciativas de l\u2019Economia Social alojadas en <a href=\"http:\/\/w28.bcn.cat\/innoba\/es\/\">Innoba<\/a>, espacio de incubaci\u00f3 del Ayuntamiento de Barcelona, en Can Jaumandreu.<\/p>\n<p><img loading=\"lazy\" decoding=\"async\" class=\"alignnone size-full wp-image-2027\" src=\"https:\/\/foodcoopbcn.cat\/wp-content\/uploads\/POST-5-1-.jpg\" alt=\"\" width=\"1080\" height=\"1080\" \/><\/p>\n<p>La FESC es siempre una buena oportunidad para reencontrarnos con entidades amigas y una excusa para compartir experiencias e impresiones con simpatizantes, personas interesadas en conocer el proyecto del supermercado cooperativo y participativo en Barcelona. <\/p>\n<p>\u00a1Tenemos muchas ganas! Reserva la fecha en tu agenda. Ven y descubre que consumir de otra manera es posible.<br \/>\nPr\u00f3ximamente os compartiremos m\u00e1s novedades sobre nuestra participacions.  Estad atentas \ud83d\ude42<\/p>\n","protected":false},"excerpt":{"rendered":"<p>El pr\u00f3ximo 25, 26 i 27 de Octubre seremos a la VIII Fira d&#8217;Economia Solid\u00e0ria (FESC) que se celebrar\u00e1 en la Fabra i Coats. En esta ocasi\u00f3n estaremos por partida doble, en un estand individual y en otro compartido junto a otras iniciativas de l\u2019Economia Social alojadas en Innoba, espacio de incubaci\u00f3 del Ayuntamiento de [&hellip;]<\/p>\n","protected":false},"author":2,"featured_media":124,"comment_status":"closed","ping_status":"closed","sticky":false,"template":"","format":"standard","meta":{"_et_pb_use_builder":"","_et_pb_old_content":"","_et_gb_content_width":"","footnotes":""},"categories":[40,45,46],"tags":[],"class_list":["post-139","post","type-post","status-publish","format-standard","has-post-thumbnail","hentry","category-agenda-es","category-food-coop-bcn-es","category-supermercado-cooperativo-y-participativo"],"_links":{"self":[{"href":"https:\/\/foodcoopbcn.cat\/es\/wp-json\/wp\/v2\/posts\/139","targetHints":{"allow":["GET"]}}],"collection":[{"href":"https:\/\/foodcoopbcn.cat\/es\/wp-json\/wp\/v2\/posts"}],"about":[{"href":"https:\/\/foodcoopbcn.cat\/es\/wp-json\/wp\/v2\/types\/post"}],"author":[{"embeddable":true,"href":"https:\/\/foodcoopbcn.cat\/es\/wp-json\/wp\/v2\/users\/2"}],"replies":[{"embeddable":true,"href":"https:\/\/foodcoopbcn.cat\/es\/wp-json\/wp\/v2\/comments?post=139"}],"version-history":[{"count":0,"href":"https:\/\/foodcoopbcn.cat\/es\/wp-json\/wp\/v2\/posts\/139\/revisions"}],"wp:featuredmedia":[{"embeddable":true,"href":"https:\/\/foodcoopbcn.cat\/es\/wp-json\/wp\/v2\/media\/124"}],"wp:attachment":[{"href":"https:\/\/foodcoopbcn.cat\/es\/wp-json\/wp\/v2\/media?parent=139"}],"wp:term":[{"taxonomy":"category","embeddable":true,"href":"https:\/\/foodcoopbcn.cat\/es\/wp-json\/wp\/v2\/categories?post=139"},{"taxonomy":"post_tag","embeddable":true,"href":"https:\/\/foodcoopbcn.cat\/es\/wp-json\/wp\/v2\/tags?post=139"}],"curies":[{"name":"wp","href":"https:\/\/api.w.org\/{rel}","templated":true}]}}