{"id":3083,"date":"2021-11-17T22:30:17","date_gmt":"2021-11-17T21:30:17","guid":{"rendered":"https:\/\/foodcoopbcn.cat\/llega-el-primer-foro-estatal-de-supermercados-cooperativos-y-participativos\/"},"modified":"2021-11-29T09:05:13","modified_gmt":"2021-11-29T08:05:13","slug":"llega-el-primer-foro-estatal-de-supermercados-cooperativos-y-participativos","status":"publish","type":"post","link":"https:\/\/foodcoopbcn.cat\/es\/llega-el-primer-foro-estatal-de-supermercados-cooperativos-y-participativos\/","title":{"rendered":"Llega el primer Foro estatal de Supermercados Cooperativos y Participativos"},"content":{"rendered":"<p>&nbsp;<\/p>\n<p><img loading=\"lazy\" decoding=\"async\" class=\"aligncenter wp-image-3198 size-medium\" src=\"https:\/\/foodcoopbcn.cat\/wp-content\/uploads\/Foro_Cuadrado_Logos_CAS-2-300x300.png\" alt=\"\" width=\"300\" height=\"300\" \/><\/p>\n<p>Barcelona acoger\u00e1 el viernes 26 de noviembre el primer Foro de Supermercados Cooperativos y Participativos en el Estado Espa\u00f1ol en el marco de la Capitalidad Mundial de la Alimentaci\u00f3n Sostenible que celebra la ciudad durante el 2021. La jornada, que tendr\u00e1 lugar en el <strong>Centro C\u00edvico Urgell<\/strong> y ser\u00e1 <strong>abierta al p\u00fablico,<\/strong> est\u00e1 organizada por Foodcoop BCN con el apoyo del Ayuntamiento. El objetivo es dar visibilidad a este innovador modelo y compartir experiencias y conocimientos entre proyectos incipientes e iniciativas ya consolidadas, as\u00ed como poner la primera piedra de una <strong>alianza a nivel estatal<\/strong> entre los diferentes establecimientos. El Foro, que empezar\u00e1 a las 16 h, se estructurar\u00e1 en una presentaci\u00f3n del modelo y de la red de cooperaci\u00f3n de supermercados espa\u00f1oles, una mesa redonda sobre la <strong>necesidad de repensar el modelo de distribuci\u00f3n agroalimentaria<\/strong> y el papel que pueden jugar estos establecimientos y una sesi\u00f3n de trabajo interna para decidir los<strong> futuras l\u00edneas de trabajo<\/strong> que se abordar\u00e1n coordinadamente. Contar\u00e1 con la presencia de representantes de <strong>supermercados de otros pa\u00edses,<\/strong> como la Louve, de Par\u00eds; La Cagette, de Montpellier; y Beescoop, de Bruselas. En cuanto a los proyectos del Estado Espa\u00f1ol, participaran, adem\u00e1s del barcelon\u00e9s FoodCoop BCN, La Osa y Supercoop de Madrid;; Supercoop Manresa; La Feixa, de Matar\u00f3; Avecinal, de Zaragoza; Biolibere, de Getafe; Terranostra, de Palma de Mallorca; y Bio Tremol, de Alicante.<\/p>\n<p>La voluntad de unir fuerzas y de cooperar para impulsar este modelo de supermercado como <strong>salto de escala imprescindible para el consumo transformador<\/strong> se hizo patente desde el momento que muchos de estos proyectos empezaron a andar. De hecho, ya existen un <strong>flujo informal pero constante de intercambio de experiencias<\/strong>, compartiendo soluciones a medida que los nuevos establecimientos se van encontrando con retos, y algunas iniciativas de intercooperaci\u00f3n tecnol\u00f3gica, y en 2020 deb\u00eda celebrase en Zaragoza el primer Congreso Nacional de Supermercados Cooperativos, que qued\u00f3 truncado por la pandemia. Retomando ese esp\u00edritu, la jornada quiere reforzar las alianzas y espacios de coordinaci\u00f3n existentes, pero tambi\u00e9n crear <strong>nuevas din\u00e1micas de intercooperaci\u00f3n y de internacionalizaci\u00f3n<\/strong> y difundir y profundizar en los conocimientos sobre un modelo de<strong> empresa social y sostenible replicable y exportable<\/strong>.<\/p>\n<p>Foro de Supermercados Cooperativos y Participativos<\/p>\n<ul>\n<li>D\u00eda: 26 de noviembre de 2021<\/li>\n<li>Hora: 16:00h<\/li>\n<li>Lugar: <a href=\"https:\/\/goo.gl\/maps\/xddimZ716HZKJRB56\">Centro C\u00edvico Urgell<\/a> (Calle <span class=\"LrzXr\">del Comte d&#8217;Urgell, 145<\/span>)<\/li>\n<li>Inscripciones: <a href=\"https:\/\/inscripcions-ajuntament.barcelona.cat\/index.php\/436919\">Espai Consum Responsable<\/a><\/li>\n<\/ul>\n","protected":false},"excerpt":{"rendered":"<p>&nbsp; Barcelona acoger\u00e1 el viernes 26 de noviembre el primer Foro de Supermercados Cooperativos y Participativos en el Estado Espa\u00f1ol en el marco de la Capitalidad Mundial de la Alimentaci\u00f3n Sostenible que celebra la ciudad durante el 2021. La jornada, que tendr\u00e1 lugar en el Centro C\u00edvico Urgell y ser\u00e1 abierta al p\u00fablico, est\u00e1 organizada [&hellip;]<\/p>\n","protected":false},"author":10,"featured_media":3101,"comment_status":"closed","ping_status":"closed","sticky":false,"template":"","format":"standard","meta":{"_et_pb_use_builder":"","_et_pb_old_content":"","_et_gb_content_width":"","footnotes":""},"categories":[40,43,45,46],"tags":[],"class_list":["post-3083","post","type-post","status-publish","format-standard","has-post-thumbnail","hentry","category-agenda-es","category-consumo-agroecologico","category-food-coop-bcn-es","category-supermercado-cooperativo-y-participativo"],"_links":{"self":[{"href":"https:\/\/foodcoopbcn.cat\/es\/wp-json\/wp\/v2\/posts\/3083","targetHints":{"allow":["GET"]}}],"collection":[{"href":"https:\/\/foodcoopbcn.cat\/es\/wp-json\/wp\/v2\/posts"}],"about":[{"href":"https:\/\/foodcoopbcn.cat\/es\/wp-json\/wp\/v2\/types\/post"}],"author":[{"embeddable":true,"href":"https:\/\/foodcoopbcn.cat\/es\/wp-json\/wp\/v2\/users\/10"}],"replies":[{"embeddable":true,"href":"https:\/\/foodcoopbcn.cat\/es\/wp-json\/wp\/v2\/comments?post=3083"}],"version-history":[{"count":12,"href":"https:\/\/foodcoopbcn.cat\/es\/wp-json\/wp\/v2\/posts\/3083\/revisions"}],"predecessor-version":[{"id":3200,"href":"https:\/\/foodcoopbcn.cat\/es\/wp-json\/wp\/v2\/posts\/3083\/revisions\/3200"}],"wp:featuredmedia":[{"embeddable":true,"href":"https:\/\/foodcoopbcn.cat\/es\/wp-json\/wp\/v2\/media\/3101"}],"wp:attachment":[{"href":"https:\/\/foodcoopbcn.cat\/es\/wp-json\/wp\/v2\/media?parent=3083"}],"wp:term":[{"taxonomy":"category","embeddable":true,"href":"https:\/\/foodcoopbcn.cat\/es\/wp-json\/wp\/v2\/categories?post=3083"},{"taxonomy":"post_tag","embeddable":true,"href":"https:\/\/foodcoopbcn.cat\/es\/wp-json\/wp\/v2\/tags?post=3083"}],"curies":[{"name":"wp","href":"https:\/\/api.w.org\/{rel}","templated":true}]}}