{"id":5687,"date":"2023-02-05T23:29:09","date_gmt":"2023-02-05T22:29:09","guid":{"rendered":"https:\/\/foodcoopbcn.cat\/?p=5687"},"modified":"2023-02-05T23:29:09","modified_gmt":"2023-02-05T22:29:09","slug":"foodcoop-lanza-una-cesta-basica-para-abaratar-la-compra-a-sus-socias","status":"publish","type":"post","link":"https:\/\/foodcoopbcn.cat\/es\/foodcoop-lanza-una-cesta-basica-para-abaratar-la-compra-a-sus-socias\/","title":{"rendered":"Foodcoop lanza una cesta b\u00e1sica para abaratar la compra a sus socias"},"content":{"rendered":"<p>Nuestro supermercado cooperativo dispone ya de una <strong>cesta b\u00e1sica con productos a un precio muy rebajado<\/strong>, gracias a una apuesta decidida por afrontar el contexto inflacionario general <strong>ajustando los m\u00e1rgenes de beneficio<\/strong>. Esta medida fue aprobada en asamblea por las personas socias de la cooperativa, conjuntamente con otras que persegu\u00edan el mismo objetivo y que ya se han implementado. Desde entonces, el C\u00edrculo de Compras ha estado trabajando para encontrar una f\u00f3rmula que favorezca al m\u00e1ximo de compradoras y a la vez sea econ\u00f3micamente sostenible.<\/p>\n<p>La cesta b\u00e1sica est\u00e1 integrada por <strong>unos treinta productos de diferentes categor\u00edas<\/strong>. Entre estos, hay dos frutas y dos verduras de temporada -que variar\u00e1n frecuentemente-, l\u00e1cticos, pasta, huevos, legumbres y productos de limpieza. Para lograr un precio de venta que se situar\u00e1 por debajo del precio medio de mercado, la cooperativa ajustar\u00e1 los <strong>m\u00e1rgenes de beneficio al 17 por ciento<\/strong>. El margen actual del resto de productos es del 22, mientras que el margen mediano que se aplica habitualmente a los supermercados convencionales es de un 30 por ciento.<\/p>\n<p>Con esta nueva medida, las socias y socios queremos reafirmar el objetivo fundacional de Foodcoop BCN de <strong>favorecer el acceso a una alimentaci\u00f3n saludable y sostenible y a un consumo transformador<\/strong> al m\u00e1ximo de personas.<\/p>\n","protected":false},"excerpt":{"rendered":"<p>Nuestro supermercado cooperativo dispone ya de una cesta b\u00e1sica con productos a un precio muy rebajado, gracias a una apuesta decidida por afrontar el contexto inflacionario general ajustando los m\u00e1rgenes de beneficio. Esta medida fue aprobada en asamblea por las personas socias de la cooperativa, conjuntamente con otras que persegu\u00edan el mismo objetivo y que [&hellip;]<\/p>\n","protected":false},"author":6,"featured_media":5684,"comment_status":"closed","ping_status":"closed","sticky":false,"template":"","format":"standard","meta":{"_et_pb_use_builder":"","_et_pb_old_content":"","_et_gb_content_width":"","footnotes":""},"categories":[43,46],"tags":[],"class_list":["post-5687","post","type-post","status-publish","format-standard","has-post-thumbnail","hentry","category-consumo-agroecologico","category-supermercado-cooperativo-y-participativo"],"_links":{"self":[{"href":"https:\/\/foodcoopbcn.cat\/es\/wp-json\/wp\/v2\/posts\/5687","targetHints":{"allow":["GET"]}}],"collection":[{"href":"https:\/\/foodcoopbcn.cat\/es\/wp-json\/wp\/v2\/posts"}],"about":[{"href":"https:\/\/foodcoopbcn.cat\/es\/wp-json\/wp\/v2\/types\/post"}],"author":[{"embeddable":true,"href":"https:\/\/foodcoopbcn.cat\/es\/wp-json\/wp\/v2\/users\/6"}],"replies":[{"embeddable":true,"href":"https:\/\/foodcoopbcn.cat\/es\/wp-json\/wp\/v2\/comments?post=5687"}],"version-history":[{"count":2,"href":"https:\/\/foodcoopbcn.cat\/es\/wp-json\/wp\/v2\/posts\/5687\/revisions"}],"predecessor-version":[{"id":5689,"href":"https:\/\/foodcoopbcn.cat\/es\/wp-json\/wp\/v2\/posts\/5687\/revisions\/5689"}],"wp:featuredmedia":[{"embeddable":true,"href":"https:\/\/foodcoopbcn.cat\/es\/wp-json\/wp\/v2\/media\/5684"}],"wp:attachment":[{"href":"https:\/\/foodcoopbcn.cat\/es\/wp-json\/wp\/v2\/media?parent=5687"}],"wp:term":[{"taxonomy":"category","embeddable":true,"href":"https:\/\/foodcoopbcn.cat\/es\/wp-json\/wp\/v2\/categories?post=5687"},{"taxonomy":"post_tag","embeddable":true,"href":"https:\/\/foodcoopbcn.cat\/es\/wp-json\/wp\/v2\/tags?post=5687"}],"curies":[{"name":"wp","href":"https:\/\/api.w.org\/{rel}","templated":true}]}}