{"id":8446,"date":"2026-03-11T11:16:22","date_gmt":"2026-03-11T10:16:22","guid":{"rendered":"https:\/\/foodcoopbcn.cat\/aprovecha-una-promocion-exclusiva-con-som-connexio-el-operador-que-se-preocupa-por-las-personas-y-el-planeta\/"},"modified":"2026-03-11T12:02:18","modified_gmt":"2026-03-11T11:02:18","slug":"aprovecha-una-promocion-exclusiva-con-som-connexio-el-operador-que-se-preocupa-por-las-personas-y-el-planeta","status":"publish","type":"post","link":"https:\/\/foodcoopbcn.cat\/es\/aprovecha-una-promocion-exclusiva-con-som-connexio-el-operador-que-se-preocupa-por-las-personas-y-el-planeta\/","title":{"rendered":"Aprovecha una promoci\u00f3n exclusiva con Som Connexi\u00f3, el operador que se preocupa por las personas y el planeta"},"content":{"rendered":"<p>Desde el c\u00edrculo de Intercooperaci\u00f3n de Foodcoop Bcn, nos hace mucha ilusi\u00f3n presentaros este nuevo acuerdo con Som Connexi\u00f3.<\/p>\n<p>Som Connexi\u00f3 es una cooperativa catalana que lleva muchos a\u00f1os ofreciendo un servicio de telefon\u00eda e Internet m\u00e1s \u00e9tico.<\/p>\n<p><strong>Este acuerdo beneficia a todos las socias de Foodcoop Bcn, ya sean socias de consumo o colaboradores.<\/strong><\/p>\n<p><strong>Contrata Som Connexi\u00f3 y disfruta del <span style=\"text-decoration: underline;\">primer mes gratis<\/span> con cualquier servicio nuevo de telefon\u00eda o fibra.<\/strong><\/p>\n<p>&nbsp;<\/p>\n<h4>\u00bfC\u00f3mo aprovechar esta promoci\u00f3n?<\/h4>\n<p>Ponte en contacto con Foodcoop y te enviaremos el enlace para que selecciones el servicio que te interese. Es muy f\u00e1cil, el descuento se aplicar\u00e1 autom\u00e1ticamente.<\/p>\n<p>Puedes:<br \/>\n\u00b7 Enviar un correo electr\u00f3nico a: etpucajudar@foodcoopbcn.cat<br \/>\n\u00b7 Solicitar el enlace al grupo de socios en Telegram.<br \/>\n\u00b7 Acudir directamente al supermercado y preguntar al personal.<\/p>\n<p>&nbsp;<\/p>\n<h4>\u00bfPor qu\u00e9 Som Connexi\u00f3 es m\u00e1s \u00e9tico?<\/h4>\n<p>Los valores de Som Connexi\u00f3 se explican claramente en su p\u00e1gina web:<\/p>\n<p><strong>1\/ Consumo responsable de telefon\u00eda m\u00f3vil.<\/strong><\/p>\n<p>Promovemos la moderaci\u00f3n y la reducci\u00f3n del consumo, y disponemos de tarifas que se adaptan a diferentes necesidades.<\/p>\n<p><strong>2\/ Cuidado de las personas.<\/strong><\/p>\n<p>Ofrecemos un servicio personalizado a nuestros usuarios y les aconsejamos que solo contraten lo que necesitan.<\/p>\n<p><strong>3\/ Sin \u00e1nimo de lucro<\/strong><\/p>\n<p>Reinvertimos nuestros beneficios en mejorar los servicios que ofrecemos y en proyectos e iniciativas sociales.<\/p>\n<p><strong>4\/ Sostenibilidad<\/strong><\/p>\n<p>Promovemos la creaci\u00f3n de infraestructuras abiertas, libres y neutrales, evitando la duplicaci\u00f3n de infraestructuras y su impacto medioambiental.<\/p>\n<p>Ver todos nuestros valores: <a href=\"https:\/\/somconnexio.coop\/valors\/\">https:\/\/somconnexio.coop\/valors\/<\/a><\/p>\n<p>&nbsp;<\/p>\n<p>\u00a1Aprovecha esta oferta y c\u00e1mbiate a Som Connexi\u00f3!<\/p>\n<p>&#8211; El c\u00edrculo de Intercooperaci\u00f3 de Foodcoop Bcn &#8211;<\/p>\n","protected":false},"excerpt":{"rendered":"<p>Desde el c\u00edrculo de Intercooperaci\u00f3n de Foodcoop Bcn, nos hace mucha ilusi\u00f3n presentaros este nuevo acuerdo con Som Connexi\u00f3. Som Connexi\u00f3 es una cooperativa catalana que lleva muchos a\u00f1os ofreciendo un servicio de telefon\u00eda e Internet m\u00e1s \u00e9tico. Este acuerdo beneficia a todos las socias de Foodcoop Bcn, ya sean socias de consumo o colaboradores. [&hellip;]<\/p>\n","protected":false},"author":2,"featured_media":8445,"comment_status":"closed","ping_status":"closed","sticky":false,"template":"","format":"standard","meta":{"_et_pb_use_builder":"","_et_pb_old_content":"","_et_gb_content_width":"","footnotes":""},"categories":[249],"tags":[],"class_list":["post-8446","post","type-post","status-publish","format-standard","has-post-thumbnail","hentry","category-acuerdos-de-intercooperacion"],"_links":{"self":[{"href":"https:\/\/foodcoopbcn.cat\/es\/wp-json\/wp\/v2\/posts\/8446","targetHints":{"allow":["GET"]}}],"collection":[{"href":"https:\/\/foodcoopbcn.cat\/es\/wp-json\/wp\/v2\/posts"}],"about":[{"href":"https:\/\/foodcoopbcn.cat\/es\/wp-json\/wp\/v2\/types\/post"}],"author":[{"embeddable":true,"href":"https:\/\/foodcoopbcn.cat\/es\/wp-json\/wp\/v2\/users\/2"}],"replies":[{"embeddable":true,"href":"https:\/\/foodcoopbcn.cat\/es\/wp-json\/wp\/v2\/comments?post=8446"}],"version-history":[{"count":3,"href":"https:\/\/foodcoopbcn.cat\/es\/wp-json\/wp\/v2\/posts\/8446\/revisions"}],"predecessor-version":[{"id":8449,"href":"https:\/\/foodcoopbcn.cat\/es\/wp-json\/wp\/v2\/posts\/8446\/revisions\/8449"}],"wp:featuredmedia":[{"embeddable":true,"href":"https:\/\/foodcoopbcn.cat\/es\/wp-json\/wp\/v2\/media\/8445"}],"wp:attachment":[{"href":"https:\/\/foodcoopbcn.cat\/es\/wp-json\/wp\/v2\/media?parent=8446"}],"wp:term":[{"taxonomy":"category","embeddable":true,"href":"https:\/\/foodcoopbcn.cat\/es\/wp-json\/wp\/v2\/categories?post=8446"},{"taxonomy":"post_tag","embeddable":true,"href":"https:\/\/foodcoopbcn.cat\/es\/wp-json\/wp\/v2\/tags?post=8446"}],"curies":[{"name":"wp","href":"https:\/\/api.w.org\/{rel}","templated":true}]}}